{"id":502,"date":"2016-05-20T11:10:32","date_gmt":"2016-05-20T10:10:32","guid":{"rendered":"http:\/\/www.missterre.org\/blog\/immosolidair\/?p=502"},"modified":"2022-06-10T18:56:27","modified_gmt":"2022-06-10T17:56:27","slug":"3eme-etage-larret-du-tram","status":"publish","type":"post","link":"https:\/\/www.missterre.org\/blog\/immosolidair\/?p=502","title":{"rendered":"3\u00e8me \u00e9tage : l&rsquo;arr\u00eat du Tram est occup\u00e9 par Cindy et Pjort \u00e0 louer pour Octobre 2022"},"content":{"rendered":"<p>Lumineux appartement avec cuisine-bar, Am\u00e9ricaine \u00e9quip\u00e9e (frigo, armoires, cuisini\u00e8re, hotte et four), salon - salle \u00e0 manger, salle de bains avec baignoire et WC, petite chambre, donnant acc\u00e8s \u00e0 une terrasse ensoleill\u00e9e d\u00e8s midi (orient\u00e9e au SW) Plancher vitrifi\u00e9 partout.<\/p>\n<p>Chauffage central \u00e0 condensation neuf 2021. Possibilit\u00e9 d'installer un po\u00eale \u00e0 bois alternatif - un presque \"feux ouvert\" pour le bonheur des soir\u00e9es au coin du feux dans le salon.<\/p>\n<p>Parfait pour une ou deux personnes. Compteurs individuels, charges communes 53\u20ac. + Infos et visites sur rdv par t\u00e9l\u00e9phone. ( lire plus )<\/p>\n<div class=\"slideshow\"><div id=\"ngg_slideshow55021\" class=\"ngg-slideshow owl-carousel\" style=\"max-width: 600px; max-height: 450px;\"><img decoding=\"async\" src=\"https:\/\/www.missterre.org\/blog\/immosolidair\/wp-content\/blogs.dir\/9\/files\/troisieme\/troisieme-1.jpg\" alt=\"troisieme-1\" style=\"max-width: 600px; max-height: 450px; width: auto; height:auto; margin:auto\"><img decoding=\"async\" src=\"https:\/\/www.missterre.org\/blog\/immosolidair\/wp-content\/blogs.dir\/9\/files\/troisieme\/troisieme-2.jpg\" alt=\"troisieme-2\" style=\"max-width: 600px; max-height: 450px; width: auto; height:auto; margin:auto\"><img decoding=\"async\" src=\"https:\/\/www.missterre.org\/blog\/immosolidair\/wp-content\/blogs.dir\/9\/files\/troisieme\/troisieme-3.jpg\" alt=\"troisieme-3\" style=\"max-width: 600px; max-height: 450px; width: auto; height:auto; margin:auto\"><img decoding=\"async\" src=\"https:\/\/www.missterre.org\/blog\/immosolidair\/wp-content\/blogs.dir\/9\/files\/troisieme\/troisieme-4.jpg\" alt=\"troisieme-4\" style=\"max-width: 600px; max-height: 450px; width: auto; height:auto; margin:auto\"><img decoding=\"async\" src=\"https:\/\/www.missterre.org\/blog\/immosolidair\/wp-content\/blogs.dir\/9\/files\/troisieme\/troisieme-5.jpg\" alt=\"troisieme-5\" style=\"max-width: 600px; max-height: 450px; width: auto; height:auto; margin:auto\"><img decoding=\"async\" src=\"https:\/\/www.missterre.org\/blog\/immosolidair\/wp-content\/blogs.dir\/9\/files\/troisieme\/troisieme-6.jpg\" alt=\"troisieme-6\" style=\"max-width: 600px; max-height: 450px; width: auto; height:auto; margin:auto\"><img decoding=\"async\" src=\"https:\/\/www.missterre.org\/blog\/immosolidair\/wp-content\/blogs.dir\/9\/files\/troisieme\/troisieme-7.jpg\" alt=\"troisieme-7\" style=\"max-width: 600px; max-height: 450px; width: auto; height:auto; margin:auto\"><img decoding=\"async\" src=\"https:\/\/www.missterre.org\/blog\/immosolidair\/wp-content\/blogs.dir\/9\/files\/troisieme\/troisieme-8.jpg\" alt=\"troisieme-8\" style=\"max-width: 600px; max-height: 450px; width: auto; height:auto; margin:auto\"><\/div><\/div>\n\n<script type=\"text\/javascript\">jQuery(document).ready(function($) {\r\n\t\t\tvar owl = $('#ngg_slideshow55021');\r\n\t\t\towl.owlCarousel({\r\n\t\t\t\titems: 1,\r\n\t\t\t\tautoHeight: false,\r\n\t            dots: false,\r\n\t            autoplay: true,\r\n\t\t\t\tautoplayTimeout: 5000,\r\n\t\t\t\tautoplayHoverPause: true,\r\n\t\t\t\tanimateIn: 'fadeIn',\r\n\t\t\t\tanimateOut: 'fadeOut',\r\n\t\t\t\tloop: true,\r\n\t\t\t\tmouseDrag: true,\r\n\t\t\t\ttouchDrag: true\r\n\t\t\t});\nowl.click( function () {\r\n                    owl.trigger( 'next.owl.carousel' );\r\n                } );});\n<\/script>\n","protected":false},"excerpt":{"rendered":"<p>Lumineux appartement avec cuisine-bar, Am\u00e9ricaine \u00e9quip\u00e9e (frigo, armoires, cuisini\u00e8re, hotte et four), salon &#8211; salle \u00e0 manger, salle de bains avec baignoire et WC, petite chambre, donnant acc\u00e8s \u00e0 une terrasse ensoleill\u00e9e d\u00e8s midi (orient\u00e9e au SW) Plancher vitrifi\u00e9 partout. Chauffage central \u00e0 condensation neuf 2021. Possibilit\u00e9 d&rsquo;installer un po\u00eale \u00e0 bois alternatif &#8211; un [&hellip;]<\/p>\n","protected":false},"author":4,"featured_media":540,"comment_status":"closed","ping_status":"open","sticky":false,"template":"","format":"standard","meta":{"footnotes":""},"categories":[19,14],"tags":[],"geo":null,"_links":{"self":[{"href":"https:\/\/www.missterre.org\/blog\/immosolidair\/index.php?rest_route=\/wp\/v2\/posts\/502"}],"collection":[{"href":"https:\/\/www.missterre.org\/blog\/immosolidair\/index.php?rest_route=\/wp\/v2\/posts"}],"about":[{"href":"https:\/\/www.missterre.org\/blog\/immosolidair\/index.php?rest_route=\/wp\/v2\/types\/post"}],"author":[{"embeddable":true,"href":"https:\/\/www.missterre.org\/blog\/immosolidair\/index.php?rest_route=\/wp\/v2\/users\/4"}],"replies":[{"embeddable":true,"href":"https:\/\/www.missterre.org\/blog\/immosolidair\/index.php?rest_route=%2Fwp%2Fv2%2Fcomments&post=502"}],"version-history":[{"count":9,"href":"https:\/\/www.missterre.org\/blog\/immosolidair\/index.php?rest_route=\/wp\/v2\/posts\/502\/revisions"}],"predecessor-version":[{"id":1210,"href":"https:\/\/www.missterre.org\/blog\/immosolidair\/index.php?rest_route=\/wp\/v2\/posts\/502\/revisions\/1210"}],"wp:featuredmedia":[{"embeddable":true,"href":"https:\/\/www.missterre.org\/blog\/immosolidair\/index.php?rest_route=\/wp\/v2\/media\/540"}],"wp:attachment":[{"href":"https:\/\/www.missterre.org\/blog\/immosolidair\/index.php?rest_route=%2Fwp%2Fv2%2Fmedia&parent=502"}],"wp:term":[{"taxonomy":"category","embeddable":true,"href":"https:\/\/www.missterre.org\/blog\/immosolidair\/index.php?rest_route=%2Fwp%2Fv2%2Fcategories&post=502"},{"taxonomy":"post_tag","embeddable":true,"href":"https:\/\/www.missterre.org\/blog\/immosolidair\/index.php?rest_route=%2Fwp%2Fv2%2Ftags&post=502"}],"curies":[{"name":"wp","href":"https:\/\/api.w.org\/{rel}","templated":true}]}}