{"id":168,"date":"2018-11-29T18:18:50","date_gmt":"2018-11-29T17:18:50","guid":{"rendered":"http:\/\/www.missterre.org\/blog\/immosolidair\/?p=168"},"modified":"2018-12-19T16:25:44","modified_gmt":"2018-12-19T15:25:44","slug":"un-bail-solidaire","status":"publish","type":"post","link":"https:\/\/www.missterre.org\/blog\/immosolidair\/?p=168","title":{"rendered":"Un bail de r\u00e9sident coop\u00e9rant"},"content":{"rendered":"<h4><a href=\"http:\/\/http:\/\/www.missterre.org\/blog\/inscription\" target=\"_blank\" rel=\"noopener\"><img loading=\"lazy\" decoding=\"async\" class=\"wp-image-595 alignleft\" src=\"http:\/\/www.missterre.org\/blog\/immosolidair\/files\/2016\/05\/faitesvousmembrelunette.jpg\" alt=\"faitesvousmembrelunette\" width=\"236\" height=\"177\" srcset=\"https:\/\/www.missterre.org\/blog\/immosolidair\/files\/2016\/05\/faitesvousmembrelunette.jpg 1058w, https:\/\/www.missterre.org\/blog\/immosolidair\/files\/2016\/05\/faitesvousmembrelunette-300x225.jpg 300w, https:\/\/www.missterre.org\/blog\/immosolidair\/files\/2016\/05\/faitesvousmembrelunette-768x576.jpg 768w, https:\/\/www.missterre.org\/blog\/immosolidair\/files\/2016\/05\/faitesvousmembrelunette-1024x768.jpg 1024w, https:\/\/www.missterre.org\/blog\/immosolidair\/files\/2016\/05\/faitesvousmembrelunette-600x450.jpg 600w\" sizes=\"(max-width: 236px) 100vw, 236px\" \/><\/a>L'objectif de ce bail est d'accepter ce qui est ici et maintenant au niveau de la l\u00e9gislation sur les baux de r\u00e9sidence principale. C'est donc le bail l\u00e9gal +\u00a0 le lien d'appartenance par la participation responsable pr\u00e9cis\u00e9e dans la destination. En pr\u00e9ambule d\u00e9finition claire de l'objet social de l'association immobili\u00e8re avec le membre et son projet de vie personnel.<\/h4>\n<p><!--more--><\/p>\n","protected":false},"excerpt":{"rendered":"<p>L&rsquo;objectif de ce bail est d&rsquo;accepter ce qui est ici et maintenant au niveau de la l\u00e9gislation sur les baux de r\u00e9sidence principale. C&rsquo;est donc le bail l\u00e9gal +\u00a0 le lien d&rsquo;appartenance par la participation responsable pr\u00e9cis\u00e9e dans la destination. En pr\u00e9ambule d\u00e9finition claire de l&rsquo;objet social de l&rsquo;association immobili\u00e8re avec le membre et son [&hellip;]<\/p>\n","protected":false},"author":4,"featured_media":0,"comment_status":"closed","ping_status":"open","sticky":false,"template":"","format":"standard","meta":{"footnotes":""},"categories":[10],"tags":[],"geo":null,"_links":{"self":[{"href":"https:\/\/www.missterre.org\/blog\/immosolidair\/index.php?rest_route=\/wp\/v2\/posts\/168"}],"collection":[{"href":"https:\/\/www.missterre.org\/blog\/immosolidair\/index.php?rest_route=\/wp\/v2\/posts"}],"about":[{"href":"https:\/\/www.missterre.org\/blog\/immosolidair\/index.php?rest_route=\/wp\/v2\/types\/post"}],"author":[{"embeddable":true,"href":"https:\/\/www.missterre.org\/blog\/immosolidair\/index.php?rest_route=\/wp\/v2\/users\/4"}],"replies":[{"embeddable":true,"href":"https:\/\/www.missterre.org\/blog\/immosolidair\/index.php?rest_route=%2Fwp%2Fv2%2Fcomments&post=168"}],"version-history":[{"count":26,"href":"https:\/\/www.missterre.org\/blog\/immosolidair\/index.php?rest_route=\/wp\/v2\/posts\/168\/revisions"}],"predecessor-version":[{"id":1115,"href":"https:\/\/www.missterre.org\/blog\/immosolidair\/index.php?rest_route=\/wp\/v2\/posts\/168\/revisions\/1115"}],"wp:attachment":[{"href":"https:\/\/www.missterre.org\/blog\/immosolidair\/index.php?rest_route=%2Fwp%2Fv2%2Fmedia&parent=168"}],"wp:term":[{"taxonomy":"category","embeddable":true,"href":"https:\/\/www.missterre.org\/blog\/immosolidair\/index.php?rest_route=%2Fwp%2Fv2%2Fcategories&post=168"},{"taxonomy":"post_tag","embeddable":true,"href":"https:\/\/www.missterre.org\/blog\/immosolidair\/index.php?rest_route=%2Fwp%2Fv2%2Ftags&post=168"}],"curies":[{"name":"wp","href":"https:\/\/api.w.org\/{rel}","templated":true}]}}