{"id":43,"date":"2009-02-10T09:00:56","date_gmt":"2009-02-10T08:00:56","guid":{"rendered":"http:\/\/www.missterre.org\/blog\/konta\/?p=43"},"modified":"2012-01-13T02:40:24","modified_gmt":"2012-01-13T01:40:24","slug":"konta-touriste-autrement-vers-l%c2%b4europe-depart-de-melilla-arrive-au-centre-d%c2%b4aluche-a-madrid-le-capital-espagnol","status":"publish","type":"post","link":"http:\/\/www.missterre.org\/blog\/konta\/?p=43","title":{"rendered":"KONTA TOURISTE AUTREMENT VERS L\u00b4EUROPE (D\u00e9part de Melilla arriv\u00e9 au centre d\u00b4Aluch\u00e9 \u00e0 Madrid la capital Espagnol)"},"content":{"rendered":"<p class=\"MsoNormal\" style=\"text-align: justify;\"><img loading=\"lazy\" decoding=\"async\" class=\"alignleft  wp-image-140\" style=\"border: 2px solid black;\" src=\"http:\/\/www.missterre.org\/blog\/konta\/wp-content\/blogs.dir\/5\/files\/2012\/01\/turist1.jpg\" alt=\"\" width=\"205\" height=\"135\" \/><span>Le mardi le 13 janvier, je dois quitter la ville autonome espagnole au Maroc (Melilla) pour une destination impr\u00e9cise.<\/span><\/p>\n<p class=\"MsoNormal\" style=\"text-align: justify;\"><span>Enferm\u00e9 d<\/span><span>ans la <\/span><span>voiture, je vais me retrouver devant la porte de l\u00b4avion a l\u00b4a\u00e9roport pour une direction que je ne connais pas et j\u00b4ignore mais pour moi n \u00b4importe quelle destination vers l\u00b4Europe est bonne, je vais enfin quitter Melilla ma prison<\/span><span> depuis pr\u00e8s de 11mois<\/p>\n<p><\/span><\/p>\n<p class=\"MsoNormal\" style=\"text-align: justify;\"><!--more--><\/p>\n<p class=\"MsoNormal\" style=\"text-align: justify;\"><span>Fini avec les policiers de Melilla, ils vont me transf\u00e9rer aux policiers civils qui sont venus sp\u00e9cialement avec l\u00b4avion pour nous r\u00e9cup\u00e9rer.<\/span><\/p>\n<p class=\"MsoNormal\" style=\"text-align: justify;\"><span>Avec les mains menott\u00e9es, deux policiers me dirigent vers mon sac par terre un peu plus loin. Mon sac attrap\u00e9, je dois venir le d\u00e9poser sous l\u00b4avion pour qu\u00b4il soit rang\u00e9 dans l\u00b4avion.<\/span><\/p>\n<p class=\"MsoNormal\" style=\"text-align: justify;\"><span>Ensuite, je prends l\u00b4escalier pour monter dans l\u00b4avion<\/span><\/p>\n<p class=\"MsoNormal\" style=\"text-align: justify;\"><span>Escort\u00e9 comme un pr\u00e9sident africain, attrap\u00e9 aux habits, je suis conduit l\u00e0 o\u00f9 je dois m\u00b4assoir, entour\u00e9 par ces deux policiers qui sont mes gardes du corps personnels! Je vais enfin partir&#8230;.<\/span><\/p>\n<p class=\"MsoNormal\" style=\"text-align: justify;\">\u00a0<\/p>\n<p class=\"MsoNormal\" style=\"text-align: justify;\"><span>Sans visa, sans passeport, sans billet d\u00b4avion, je voyage a l\u00b4aise et sans contr\u00f4le. cool!<br \/> <\/span><\/p>\n<p class=\"MsoNormal\" style=\"text-align: justify;\"><span>Me voila dans l\u00b4air comme un oiseau libre, servi comme un bon passager, quelle sera ma destination ? Je ne la connais pas encore.<\/span><\/p>\n<p class=\"MsoNormal\" style=\"text-align: justify;\"><span>De Melilla, deux heures de temps de vol, l\u00b4avion est pr\u00eat pour atterrir mais o\u00f9 ? Mais o\u00f9 maintenant je demande au policier l\u00e0 o\u00f9 nous sommes ? Il me r\u00e9pond qu\u00b4on est a Madrid.<\/span><\/p>\n<p class=\"MsoNormal\" style=\"text-align: justify;\"><span>Heee, une grande surprise pour moi. Tr\u00e8s tr\u00e8s content parce que je n\u00b4y crois pas.<\/span><\/p>\n<p class=\"MsoNormal\" style=\"text-align: justify;\"><span>Partis d\u00b4un petit village espagnol dans le continent africain, en deux heures je me trouve dans la capitale espagnole (Madrid), une chose que j\u00b4attends depuis un an! Et c\u00b4est venu brusquement to<\/span><span>ut de suite et sans d\u00e9penses.<\/span><\/p>\n<p class=\"MsoNormal\" style=\"text-align: justify;\">\u00a0<\/p>\n<p class=\"MsoNormal\" style=\"text-align: justify;\"><img decoding=\"async\" class=\"alignright  wp-image-137\" style=\"border: 2px solid black;\" src=\"http:\/\/www.missterre.org\/blog\/konta\/wp-content\/blogs.dir\/5\/files\/2012\/01\/turist2.jpg\" alt=\"\" \/><span>Descendu de l\u00b4avion, il y aura un bus qui doit venir nous chercher pour nous amener enc<\/span><span>ore \u00e0 un autre<\/span><span> endroit qu\u00b4on ne connait pas.<\/span><\/p>\n<p class=\"MsoNormal\" style=\"text-align: justify;\"><span>\u00c7a sera dans un centre d\u00b4expulsion qui est r\u00e9serv\u00e9 sp\u00e9cialement pour ramener les immigrants chez eux. Un centre dans lequel nous allons faire 40 jours pour attendre la <\/span><span>visite soit du consulat ou bien l\u00b4ambassade de mon pays. S\u00b4il ne viennent pas, alors je peux \u00eatre lib\u00e9r\u00e9 et l\u00e2ch\u00e9 dans l\u00b4Espagne.<\/span><\/p>\n<p class=\"MsoNormal\" style=\"text-align: justify;\"><span>Donc la j&rsquo;ai un pied en Afrique et un autre pied en Europe, ils s\u2019agit d\u00b4avoir de l\u00b4\u00e9quilibre pour rester! vais-je me retrouver chez Moi en Afrique?.<br \/> <\/span><\/p>\n<p class=\"MsoNormal\" style=\"text-align: justify;\">\u00a0<\/p>\n<p class=\"MsoNormal\" style=\"text-align: justify;\"><span>Arr<\/span><img loading=\"lazy\" decoding=\"async\" class=\"alignleft  wp-image-208\" style=\"border: 2px solid black;\" src=\"http:\/\/www.missterre.org\/blog\/konta\/wp-content\/blogs.dir\/5\/files\/2012\/01\/turist3.jpg\" alt=\"\" width=\"202\" height=\"183\" \/><span>iv\u00e9 dans ce centre, les policiers nous laissent a l\u00b4air libre et font semblant qu\u00b4ils nous ont oubli\u00e9, pendant qu\u00b4il<\/span><span>s <\/span><span>r\u00e8glent les choses a l\u00b4int\u00e9rieur du centre. <\/span><\/p>\n<p class=\"MsoNormal\" style=\"text-align: justify;\"><span>Nous sommes <\/span><span>inn<\/span><span>ocent, on pense qu\u00b4ils vont nous lib\u00e9rer, on reste l\u00e0-bas a les attendre jusqu\u00b4a ce qu\u00b4ils soient pr\u00eats. Il<\/span><span>s nous font entrer \u00e0 l\u00b4int\u00e9rieur.<\/span><\/p>\n<p class=\"MsoNormal\" style=\"text-align: justify;\"><span>A ce moment, on s\u00b4est rendu compte que nous allions en prison de nouveau. Mais c\u00b4est bien moins grave que Melilla. L\u00e0 moins tu sais combien de temps tu dois rester pour \u00eatre <\/span><span>libre! Mais tu dois \u00eatre enferm\u00e9 pendant tout le temps. <\/span><\/p>\n<p class=\"MsoNormal\">\u00a0<\/p>\n<p class=\"MsoNormal\">\u00a0<\/p>\n<p class=\"MsoNormal\"><span><em><strong>A suivre dans l\u00b4article suivant (LA VIE DANS LE CENTRE D\u00b4ALUCH\u00c9)<\/strong><\/em><\/span><\/p>\n","protected":false},"excerpt":{"rendered":"<p>Le mardi le 13 janvier, je dois quitter la ville autonome espagnole au Maroc (Melilla) pour une destination impr\u00e9cise. Enferm\u00e9 dans la voiture, je vais me retrouver devant la porte de l\u00b4avion a l\u00b4a\u00e9roport pour une direction que je ne connais pas et j\u00b4ignore mais pour moi n \u00b4importe quelle destination vers l\u00b4Europe est bonne, <a class=\"read-more-link\" href=\"http:\/\/www.missterre.org\/blog\/konta\/?p=43\"><br \/>&#8230;read more<\/a><\/p>\n","protected":false},"author":7,"featured_media":0,"comment_status":"open","ping_status":"open","sticky":false,"template":"","format":"standard","meta":{"footnotes":""},"categories":[3],"tags":[5,8],"geo":null,"_links":{"self":[{"href":"http:\/\/www.missterre.org\/blog\/konta\/index.php?rest_route=\/wp\/v2\/posts\/43"}],"collection":[{"href":"http:\/\/www.missterre.org\/blog\/konta\/index.php?rest_route=\/wp\/v2\/posts"}],"about":[{"href":"http:\/\/www.missterre.org\/blog\/konta\/index.php?rest_route=\/wp\/v2\/types\/post"}],"author":[{"embeddable":true,"href":"http:\/\/www.missterre.org\/blog\/konta\/index.php?rest_route=\/wp\/v2\/users\/7"}],"replies":[{"embeddable":true,"href":"http:\/\/www.missterre.org\/blog\/konta\/index.php?rest_route=%2Fwp%2Fv2%2Fcomments&post=43"}],"version-history":[{"count":0,"href":"http:\/\/www.missterre.org\/blog\/konta\/index.php?rest_route=\/wp\/v2\/posts\/43\/revisions"}],"wp:attachment":[{"href":"http:\/\/www.missterre.org\/blog\/konta\/index.php?rest_route=%2Fwp%2Fv2%2Fmedia&parent=43"}],"wp:term":[{"taxonomy":"category","embeddable":true,"href":"http:\/\/www.missterre.org\/blog\/konta\/index.php?rest_route=%2Fwp%2Fv2%2Fcategories&post=43"},{"taxonomy":"post_tag","embeddable":true,"href":"http:\/\/www.missterre.org\/blog\/konta\/index.php?rest_route=%2Fwp%2Fv2%2Ftags&post=43"}],"curies":[{"name":"wp","href":"https:\/\/api.w.org\/{rel}","templated":true}]}}