{"id":15,"date":"2010-01-17T09:16:59","date_gmt":"2010-01-17T09:16:59","guid":{"rendered":"http:\/\/www.missterre.org\/blog\/konta\/?p=15"},"modified":"2019-02-10T09:28:37","modified_gmt":"2019-02-10T08:28:37","slug":"melilla-une-ville-autonome-espagnole-au-maroc-porte-de-leurope","status":"publish","type":"post","link":"http:\/\/www.missterre.org\/blog\/konta\/?p=15","title":{"rendered":"MELILLA, UNE VILLE AUTONOME ESPAGNOLE AU MAROC (Porte de l\u00b4Europe)."},"content":{"rendered":"<p style=\"text-align: justify;\"><img loading=\"lazy\" decoding=\"async\" class=\"alignleft  wp-image-187\" style=\"border: 2px solid black;\" src=\"http:\/\/www.missterre.org\/blog\/konta\/wp-content\/blogs.dir\/5\/files\/2012\/01\/melilla1.jpg\" alt=\"\" width=\"210\" height=\"170\"><\/p>\n<p style=\"text-align: justify;\">&nbsp;Depuis plus 500 ans Melilla est une enclave autonome espagnole au nord-est du Maroc. Une petite ville de 12km2, compos\u00e9e de 70% de marocains et 30% d\u00b4espagnols.<\/p>\n<p style=\"text-align: justify;\">Les habitants ont des doubles nationalit\u00e9s, le gouvernement est dirig\u00e9 par des espagnols.<br \/>\nUne ville entour\u00e9e de trois barri\u00e8res successives d\u00b4une hauteur de 6 m\u00e8tres chacune et bien prepare pour ne pas permetter aux autres d&rsquo; entr\u00e9s dans la ville de Melilla.<\/p>\n<p style=\"text-align: justify;\"><!--more--><img loading=\"lazy\" decoding=\"async\" class=\"alignright  wp-image-189\" style=\"border: 2px solid black;\" src=\"http:\/\/www.missterre.org\/blog\/konta\/wp-content\/blogs.dir\/5\/files\/2012\/01\/melilla2.jpg\" alt=\"\" width=\"247\" height=\"198\"><\/p>\n<p style=\"text-align: justify;\">Une ville o\u00f9 existe un centre temporaire pour ces personnes qu\u00b4ils emp\u00eachent d\u00b4entrer ( les Immigrants). Dans ce centre il y apparait de 800 a 900 immigrants comme moi qui sont venus de tr\u00e8s loin d&rsquo;un peut partout dans le monde a la recherche de m\u00eames choses que tout le monde (le bonheur). Nous somme retenue dans ce centre du ville et attend les m\u00eames objectifs (quitter Melilla), mais comment quitte? Cela depend du gouvernement espagnol donc sans argent et sans travaille nous devrons attendre jusqu&rsquo;\u00e0 nouvelle ordre.<br \/>\nVoila une ville qui attire toujours les immigrants mais ils y passent tout leurs temps a souffrir. La plus part de la population n\u00b4aime pas les immigrants ce qui cr\u00e9e du mal a l&rsquo;aise tout les jours quand nous somme a la rue. Le regard de ces gens simplement fait souffrir. Mais le fait qu&rsquo;ils ne nous aiment pas ne change rien parce que la d\u00e9cision vient de l\u00b4Espagne et tres rarement Melilla decide.<\/p>\n<p>Dans cette ville nous somme autoris\u00e9 a \u00eatre libre pendant tout notre dur\u00e9e de s\u00e9jour durant toute les journees de 6heure a 23:30h. Pour pouvoir survivre, durant ces moments de libert\u00e9, avec nos petite carte petite carte du centre qui nous permet d&rsquo;identificasion, d&rsquo; etre en r\u00e8gle dans la ville mais avec des limit\u00e9s.<\/p>\n<p style=\"text-align: justify;\">Durant les journ\u00e9es, nous sortons du centre pour aller a la recherche de sous pour notre besoins (achat\u00e9 des v\u00eatements et appele a la famille). Pour cela, nous somme obliger de travaill\u00e9s au noir sous le regard des policiers simplement pour obtenir u<img loading=\"lazy\" decoding=\"async\" class=\"alignleft  wp-image-194\" style=\"border: 2px solid black;\" src=\"http:\/\/www.missterre.org\/blog\/konta\/wp-content\/blogs.dir\/5\/files\/2012\/01\/melilla3.jpg\" alt=\"\" width=\"334\" height=\"251\">ne petite somme comme 5 euro ou 10 centime par jour .<br \/>\nQu&rsquo; est qu&rsquo; il s&rsquo;agit de faire: c&rsquo;est de laver les voitures pour gagner 3 euros par voiture, de controler les voitures dans les parking a 5 cent ou plus, et d&rsquo; aider a transporter des choses lourdes en \u00e9tant mal pay\u00e9 et parfois en ne recevant rien, parfois m\u00eame pas un merci. C&rsquo;est un abus terrible et d\u00e9gradant pour nous.<br \/>\nSur 12 Km\u00b2, les immigrants restent comme \u00e7a un peut partout dans la ville a la recherche leurs petit boulot.<\/p>\n<p style=\"text-align: justify;\">Dans ces mauvaises conditions, nous restons pendant ces trois ans ou plus pour etre transport\u00e9 chez nous ou bien par chance nous sommes expuls\u00e9, mais sur le continent espagnol sans papier avec des ordres d&rsquo;expulsion. Encore plus loin de chez nous&#8230;.Ceci rends le retour&#8230;\u00a0\u00bbvolontaire\u00a0\u00bb encore plus impossible.<\/p>\n","protected":false},"excerpt":{"rendered":"<p>&nbsp;Depuis plus 500 ans Melilla est une enclave autonome espagnole au nord-est du Maroc. Une petite ville de 12km2, compos\u00e9e de 70% de marocains et 30% d\u00b4espagnols. Les habitants ont des doubles nationalit\u00e9s, le gouvernement est dirig\u00e9 par des espagnols. Une ville entour\u00e9e de trois barri\u00e8res successives d\u00b4une hauteur de 6 m\u00e8tres chacune et bien <a class=\"read-more-link\" href=\"http:\/\/www.missterre.org\/blog\/konta\/?p=15\"><br \/>&#8230;read more<\/a><\/p>\n","protected":false},"author":7,"featured_media":262,"comment_status":"open","ping_status":"open","sticky":false,"template":"","format":"standard","meta":{"footnotes":""},"categories":[3],"tags":[],"geo":null,"_links":{"self":[{"href":"http:\/\/www.missterre.org\/blog\/konta\/index.php?rest_route=\/wp\/v2\/posts\/15"}],"collection":[{"href":"http:\/\/www.missterre.org\/blog\/konta\/index.php?rest_route=\/wp\/v2\/posts"}],"about":[{"href":"http:\/\/www.missterre.org\/blog\/konta\/index.php?rest_route=\/wp\/v2\/types\/post"}],"author":[{"embeddable":true,"href":"http:\/\/www.missterre.org\/blog\/konta\/index.php?rest_route=\/wp\/v2\/users\/7"}],"replies":[{"embeddable":true,"href":"http:\/\/www.missterre.org\/blog\/konta\/index.php?rest_route=%2Fwp%2Fv2%2Fcomments&post=15"}],"version-history":[{"count":2,"href":"http:\/\/www.missterre.org\/blog\/konta\/index.php?rest_route=\/wp\/v2\/posts\/15\/revisions"}],"predecessor-version":[{"id":470,"href":"http:\/\/www.missterre.org\/blog\/konta\/index.php?rest_route=\/wp\/v2\/posts\/15\/revisions\/470"}],"wp:featuredmedia":[{"embeddable":true,"href":"http:\/\/www.missterre.org\/blog\/konta\/index.php?rest_route=\/wp\/v2\/media\/262"}],"wp:attachment":[{"href":"http:\/\/www.missterre.org\/blog\/konta\/index.php?rest_route=%2Fwp%2Fv2%2Fmedia&parent=15"}],"wp:term":[{"taxonomy":"category","embeddable":true,"href":"http:\/\/www.missterre.org\/blog\/konta\/index.php?rest_route=%2Fwp%2Fv2%2Fcategories&post=15"},{"taxonomy":"post_tag","embeddable":true,"href":"http:\/\/www.missterre.org\/blog\/konta\/index.php?rest_route=%2Fwp%2Fv2%2Ftags&post=15"}],"curies":[{"name":"wp","href":"https:\/\/api.w.org\/{rel}","templated":true}]}}