{"id":3849,"date":"2016-01-19T15:49:39","date_gmt":"2016-01-19T14:49:39","guid":{"rendered":"http:\/\/www.missterre.org\/blog\/explo\/?p=3849"},"modified":"2016-01-22T13:43:45","modified_gmt":"2016-01-22T12:43:45","slug":"3849","status":"publish","type":"post","link":"http:\/\/www.missterre.org\/blog\/explo\/?p=3849","title":{"rendered":"Les mots pour changer le monde."},"content":{"rendered":"<p><a href=\"http:\/\/www.missterre.org\/blog\/explo\/files\/2016\/01\/2016.20.01UNEANNEEMISSTERRE.mini_-1.pdf\" target=\"_blank\"><img loading=\"lazy\" decoding=\"async\" class=\"alignleft wp-image-3895\" src=\"http:\/\/www.missterre.org\/blog\/explo\/files\/2016\/01\/photoanneMissterre.jpg\" alt=\"photoanneMissterre\" width=\"275\" height=\"206\" srcset=\"http:\/\/www.missterre.org\/blog\/explo\/files\/2016\/01\/photoanneMissterre.jpg 1058w, http:\/\/www.missterre.org\/blog\/explo\/files\/2016\/01\/photoanneMissterre-300x225.jpg 300w, http:\/\/www.missterre.org\/blog\/explo\/files\/2016\/01\/photoanneMissterre-768x576.jpg 768w, http:\/\/www.missterre.org\/blog\/explo\/files\/2016\/01\/photoanneMissterre-1024x768.jpg 1024w, http:\/\/www.missterre.org\/blog\/explo\/files\/2016\/01\/photoanneMissterre-600x450.jpg 600w\" sizes=\"(max-width: 275px) 100vw, 275px\" \/><\/a><\/p>\n<h3>Et si avec ces mots en 2016 on changeait le monde?<\/h3>\n<p><strong>CLIQUEZ SUR L&rsquo;IMAGE POUR ACTIVER LE SLIDE SHOW<\/strong>\u00a0 (ensuite dans certains navigateurs vous devrez passer en mode plein \u00e9cran).<\/p>\n<p style=\"text-align: justify;\">Depuis l&rsquo;\u00e9t\u00e9 dernier o\u00f9 je vous ai accueillis \u00e0 bord de Miss Terre en M\u00e9diterran\u00e9e pour parloter sur la nouvelle exploration du monde, pas mal d&rsquo;eau a coul\u00e9 sur la coque du petit voiler. Merci d\u2019\u00eatre venu, car cela a bien port\u00e9 ses fruits.<\/p>\n<p><!--more--><\/p>\n<p style=\"text-align: justify;\">Le capitaine est maintenant \u00e0 Bruxelles, la Miss est \u00e0 Marseille et l&rsquo;\u00e9volution va bon train vers la cr\u00e9ation des premi\u00e8res <b>Associations \u00e0 but de profit solidaire, <\/b>un nouveau style de <b>relation contractuelle<\/b> <b>win win <\/b>entre propri\u00e9taires et locataires, d&rsquo;une <b>maison participative <\/b>\u00e0 projets citoyens\u00a0; puis de la cr\u00e9ation d&rsquo;un <b>r\u00e9seau web solidaire<\/b> pour apprendre ensemble \u00e0 vivre en harmonie \u201centre nous\u201d et la grande Miss dont nous d\u00e9pendons tous. Les croisi\u00e8res sont mises de c\u00f4t\u00e9 avant le prochain tout grand d\u00e9part&#8230;<\/p>\n<p style=\"text-align: justify;\">Mais en attendant, je vous souhaite AMOUR, SANT\u00c9 , BONHEUR ET ARGENT pour 2016 !<\/p>\n<p style=\"text-align: justify;\">Non-quelque chose me g\u00e8ne \u2026 SANT\u00c9, BONHEUR, AMOUR &amp; B\u00c9N\u00c9FICE\u00a0! C&rsquo;est mieux non\u00a0? Je pr\u00e9f\u00e8re, mais ne suis pas s\u00fbr&#8230;.<\/p>\n<p>Stop\u00a0! Je m\u00e9lange tout\u00a0!<\/p>\n<p style=\"text-align: justify;\">Ah tous ces mots qui me trottent dans la t\u00eate&#8230;que repr\u00e9sentent-ils pour vous\u00a0? Est-ce la m\u00eame chose que pour moi ? Probablement pas.<\/p>\n<p>Comment alors se mettre d&rsquo;accord pour vivre ensemble?<\/p>\n<p style=\"text-align: justify;\">C&rsquo;est ce que je vous propose dans ce petit slide avec mes bonnes r\u00e9solutions pour re-commencer cette ann\u00e9e 2016 .<\/p>\n<p>Peut-\u00eatre pourrions-nous finalement inter-agir pour cr\u00e9er ensemble le monde que nous voulons\u00a0!<\/p>\n<p>N\u2019h\u00e9sitez pas \u00e0 mettre un commentaire, avis et pourquoi pas vos suggestions, car ce LIEN \u00e7a peut \u00eatre bien , ou pas, \u00e0 nous de choisir.<\/p>\n<p>Au plaisir<\/p>\n<p>Igor<\/p>\n","protected":false},"excerpt":{"rendered":"<p>Et si avec ces mots en 2016 on changeait le monde? CLIQUEZ SUR L&rsquo;IMAGE POUR ACTIVER LE SLIDE SHOW\u00a0 (ensuite dans certains navigateurs vous devrez passer en mode plein \u00e9cran). Depuis l&rsquo;\u00e9t\u00e9 dernier o\u00f9 je vous ai accueillis \u00e0 bord de Miss Terre en M\u00e9diterran\u00e9e pour parloter sur la nouvelle exploration du monde, pas mal <a class=\"read-more-link\" href=\"http:\/\/www.missterre.org\/blog\/explo\/?p=3849\"><br \/>&#8230;read more<\/a><\/p>\n","protected":false},"author":4,"featured_media":3852,"comment_status":"open","ping_status":"open","sticky":false,"template":"","format":"standard","meta":{"footnotes":""},"categories":[3,72],"tags":[],"geo":{"latitude":50.8634186,"longitude":4.3061833,"description":"Rue Auguste van Zande, 1082, Belgique"},"_links":{"self":[{"href":"http:\/\/www.missterre.org\/blog\/explo\/index.php?rest_route=\/wp\/v2\/posts\/3849"}],"collection":[{"href":"http:\/\/www.missterre.org\/blog\/explo\/index.php?rest_route=\/wp\/v2\/posts"}],"about":[{"href":"http:\/\/www.missterre.org\/blog\/explo\/index.php?rest_route=\/wp\/v2\/types\/post"}],"author":[{"embeddable":true,"href":"http:\/\/www.missterre.org\/blog\/explo\/index.php?rest_route=\/wp\/v2\/users\/4"}],"replies":[{"embeddable":true,"href":"http:\/\/www.missterre.org\/blog\/explo\/index.php?rest_route=%2Fwp%2Fv2%2Fcomments&post=3849"}],"version-history":[{"count":25,"href":"http:\/\/www.missterre.org\/blog\/explo\/index.php?rest_route=\/wp\/v2\/posts\/3849\/revisions"}],"predecessor-version":[{"id":3903,"href":"http:\/\/www.missterre.org\/blog\/explo\/index.php?rest_route=\/wp\/v2\/posts\/3849\/revisions\/3903"}],"wp:featuredmedia":[{"embeddable":true,"href":"http:\/\/www.missterre.org\/blog\/explo\/index.php?rest_route=\/wp\/v2\/media\/3852"}],"wp:attachment":[{"href":"http:\/\/www.missterre.org\/blog\/explo\/index.php?rest_route=%2Fwp%2Fv2%2Fmedia&parent=3849"}],"wp:term":[{"taxonomy":"category","embeddable":true,"href":"http:\/\/www.missterre.org\/blog\/explo\/index.php?rest_route=%2Fwp%2Fv2%2Fcategories&post=3849"},{"taxonomy":"post_tag","embeddable":true,"href":"http:\/\/www.missterre.org\/blog\/explo\/index.php?rest_route=%2Fwp%2Fv2%2Ftags&post=3849"}],"curies":[{"name":"wp","href":"https:\/\/api.w.org\/{rel}","templated":true}]}}