{"id":1018,"date":"2011-03-18T17:05:13","date_gmt":"2011-03-18T16:05:13","guid":{"rendered":"http:\/\/www.missterre.org\/blog\/explo\/?p=1018"},"modified":"2013-02-11T17:42:31","modified_gmt":"2013-02-11T16:42:31","slug":"sel-la-suite","status":"publish","type":"post","link":"http:\/\/www.missterre.org\/blog\/explo\/?p=1018","title":{"rendered":"SEL la suite&#8230;"},"content":{"rendered":"<div>\n<p>la poursuite : apr\u00e8s plusieurs rdv manqu\u00e9 avec Joaquim, je tente d\u2019autres pistes. j\u2019esp\u00e8re toujours avoir des news suite \u00e0 mon tr\u00e8s agr\u00e9able entretien avec lui ! Espoir !<\/p>\n<p>Il semblerait que plusieurs coordinations belges existent. D\u00e9frichons cela!<\/p>\n<p><a href=\"http:\/\/www.missterre.org\/blog\/explo\/wp-content\/blogs.dir\/2\/files\/2011\/03\/sel2.jpg\"><img loading=\"lazy\" decoding=\"async\" class=\"size-full wp-image-2513 alignleft\" alt=\"sel2\" src=\"http:\/\/www.missterre.org\/blog\/explo\/wp-content\/blogs.dir\/2\/files\/2011\/03\/sel2.jpg\" width=\"235\" height=\"215\" \/><\/a>&#8211; Une matin\u00e9e sur les initiatives citoyennes et les SELS se passe \u00e0 Namur le 24 mars. Invitation oblig\u00e9e!<br \/>J\u2019attends mon invit.<\/p>\n<p>&#8211; J\u2019ai \u00e9galement trouv\u00e9 un logiciel libre apparemment discut\u00e9 et controvers\u00e9 dans les forums :<br \/> <a href=\"http:\/\/www.cyclos-france.org\/\" target=\"_blank\" rel=\"nofollow\">http:\/\/www.cyclos-france.org\/<\/a><\/p>\n<p>&#8211; Une autre initiative \u00ab\u00a0intersel?\u00a0\u00bb semble exister sur : <a href=\"http:\/\/www.sel-lets.be\" target=\"_blank\">http:\/\/www.sel-lest.be<\/a><br \/>Ce site se veut \u00eatre une plateforme plurielle et participative de collaboration entre les Syst\u00e8mes d\u2019\u00c9changes Locaux (SEL) francophones de Belgique. Une gestion WIKI semble m\u00eame \u00eatre m\u00eame propos\u00e9e.<\/p>\n<p>Vos commentaires ?<br \/>je vous en dis plus plus tard !<\/p>\n<p>A plus<br \/> Igor<\/p>\n<\/div>\n","protected":false},"excerpt":{"rendered":"<p>la poursuite : apr\u00e8s plusieurs rdv manqu\u00e9 avec Joaquim, je tente d\u2019autres pistes. j\u2019esp\u00e8re toujours avoir des news suite \u00e0 mon tr\u00e8s agr\u00e9able entretien avec lui ! Espoir ! Il semblerait que plusieurs coordinations belges existent. D\u00e9frichons cela! &#8211; Une matin\u00e9e sur les initiatives citoyennes et les SELS se passe \u00e0 Namur le 24 mars. <a class=\"read-more-link\" href=\"http:\/\/www.missterre.org\/blog\/explo\/?p=1018\"><br \/>&#8230;read more<\/a><\/p>\n","protected":false},"author":4,"featured_media":2513,"comment_status":"closed","ping_status":"open","sticky":false,"template":"","format":"standard","meta":{"footnotes":""},"categories":[51,50],"tags":[],"geo":{"latitude":50.850338,"longitude":4.3517103,"description":"Bruxelles, Belgique"},"_links":{"self":[{"href":"http:\/\/www.missterre.org\/blog\/explo\/index.php?rest_route=\/wp\/v2\/posts\/1018"}],"collection":[{"href":"http:\/\/www.missterre.org\/blog\/explo\/index.php?rest_route=\/wp\/v2\/posts"}],"about":[{"href":"http:\/\/www.missterre.org\/blog\/explo\/index.php?rest_route=\/wp\/v2\/types\/post"}],"author":[{"embeddable":true,"href":"http:\/\/www.missterre.org\/blog\/explo\/index.php?rest_route=\/wp\/v2\/users\/4"}],"replies":[{"embeddable":true,"href":"http:\/\/www.missterre.org\/blog\/explo\/index.php?rest_route=%2Fwp%2Fv2%2Fcomments&post=1018"}],"version-history":[{"count":0,"href":"http:\/\/www.missterre.org\/blog\/explo\/index.php?rest_route=\/wp\/v2\/posts\/1018\/revisions"}],"wp:featuredmedia":[{"embeddable":true,"href":"http:\/\/www.missterre.org\/blog\/explo\/index.php?rest_route=\/wp\/v2\/media\/2513"}],"wp:attachment":[{"href":"http:\/\/www.missterre.org\/blog\/explo\/index.php?rest_route=%2Fwp%2Fv2%2Fmedia&parent=1018"}],"wp:term":[{"taxonomy":"category","embeddable":true,"href":"http:\/\/www.missterre.org\/blog\/explo\/index.php?rest_route=%2Fwp%2Fv2%2Fcategories&post=1018"},{"taxonomy":"post_tag","embeddable":true,"href":"http:\/\/www.missterre.org\/blog\/explo\/index.php?rest_route=%2Fwp%2Fv2%2Ftags&post=1018"}],"curies":[{"name":"wp","href":"https:\/\/api.w.org\/{rel}","templated":true}]}}